{"id":805,"date":"2026-07-13T22:26:17","date_gmt":"2026-07-13T22:26:17","guid":{"rendered":"https:\/\/carpin.mx\/blog\/?p=805"},"modified":"2026-07-21T22:52:35","modified_gmt":"2026-07-21T22:52:35","slug":"gran-inauguracion-parque-recreativo-gran-cabo","status":"publish","type":"post","link":"https:\/\/carpin.mx\/blog\/gran-inauguracion-parque-recreativo-gran-cabo\/","title":{"rendered":"Gran Cabo inaugura su Parque Recreativo con un d\u00eda lleno de diversi\u00f3n, convivencia y comunidad"},"content":{"rendered":"\n<p class=\"wp-block-paragraph\">El pasado <strong>11 de julio<\/strong>, el <strong>Fraccionamiento Gran Cabo<\/strong>, en Tuxpan, Veracruz, celebr\u00f3 la <strong>gran inauguraci\u00f3n de su Parque Recreativo<\/strong>, un espacio dise\u00f1ado para que las familias disfruten de momentos de convivencia, recreaci\u00f3n y bienestar sin salir de su comunidad.<\/p>\n\n\n\n<p class=\"wp-block-paragraph\">La celebraci\u00f3n reuni\u00f3 tanto a <strong>residentes de Gran Cabo<\/strong> como a personas interesadas en conocer el desarrollo y descubrir todo lo que ofrece para quienes buscan adquirir una casa o departamento.<\/p>\n\n\n\n<p class=\"wp-block-paragraph\">Durante la jornada, los asistentes disfrutaron de un ambiente completamente familiar con actividades para todas las edades. Uno de los momentos m\u00e1s esperados fue el <strong>torneo de f\u00fatbol<\/strong>, en el que participaron equipos integrados por vecinos y visitantes, promoviendo el deporte y la convivencia.<\/p>\n\n\n\n<p class=\"wp-block-paragraph\">Los m\u00e1s peque\u00f1os tambi\u00e9n fueron protagonistas del evento gracias a diversas actividades recreativas especialmente preparadas para ellos, mientras que las familias aprovecharon la <strong>albercada<\/strong> para refrescarse y disfrutar del verano en un entorno seguro y agradable.<\/p>\n\n\n\n<p class=\"wp-block-paragraph\">Como parte de la experiencia, los asistentes pudieron degustar <strong>hamburguesas, raspados y bebidas refrescantes<\/strong>, creando un ambiente ideal para convivir, conocer a nuevos vecinos y disfrutar de las amenidades del desarrollo.<\/p>\n\n\n\n<p class=\"wp-block-paragraph\">Adem\u00e1s, durante todo el evento se realizaron <strong>din\u00e1micas y concursos<\/strong> en los que los participantes tuvieron la oportunidad de ganar distintos premios, haciendo de la inauguraci\u00f3n una experiencia a\u00fan m\u00e1s emocionante.<\/p>\n\n\n\n<p class=\"wp-block-paragraph\">M\u00e1s all\u00e1 de celebrar la apertura del parque, este evento reafirma el compromiso de <strong>Casas Carp\u00edn<\/strong> por crear desarrollos donde las familias no solo encuentren una vivienda, sino tambi\u00e9n espacios que fomenten la convivencia, la recreaci\u00f3n y una mejor calidad de vida.<\/p>\n\n\n\n<p class=\"wp-block-paragraph\">El nuevo <strong>Parque Recreativo de Gran Cabo<\/strong> se convierte as\u00ed en un punto de encuentro para la comunidad, ofreciendo amenidades pensadas para disfrutar todos los d\u00edas y fortaleciendo el sentido de pertenencia entre quienes ya viven en el fraccionamiento y quienes est\u00e1n por formar parte de \u00e9l.<\/p>\n\n\n\n<p class=\"wp-block-paragraph\">Si a\u00fan no conoces <strong><a href=\"https:\/\/carpin.mx\/gran-cabo.php\">Gran Cabo<\/a><\/strong>, esta fue solo una muestra del estilo de vida que puedes disfrutar al vivir en un desarrollo dise\u00f1ado para crecer en familia.<\/p>\n\n\n\n<figure class=\"wp-block-image size-large\"><img loading=\"lazy\" decoding=\"async\" width=\"1024\" height=\"683\" src=\"https:\/\/carpin.mx\/blog\/wp-content\/uploads\/2026\/07\/WhatsApp-Image-2026-07-14-at-16.31.13-1024x683.jpeg\" alt=\"\" class=\"wp-image-806\" srcset=\"https:\/\/carpin.mx\/blog\/wp-content\/uploads\/2026\/07\/WhatsApp-Image-2026-07-14-at-16.31.13-1024x683.jpeg 1024w, https:\/\/carpin.mx\/blog\/wp-content\/uploads\/2026\/07\/WhatsApp-Image-2026-07-14-at-16.31.13-300x200.jpeg 300w, https:\/\/carpin.mx\/blog\/wp-content\/uploads\/2026\/07\/WhatsApp-Image-2026-07-14-at-16.31.13-768x512.jpeg 768w, https:\/\/carpin.mx\/blog\/wp-content\/uploads\/2026\/07\/WhatsApp-Image-2026-07-14-at-16.31.13-1536x1024.jpeg 1536w, https:\/\/carpin.mx\/blog\/wp-content\/uploads\/2026\/07\/WhatsApp-Image-2026-07-14-at-16.31.13.jpeg 1600w\" sizes=\"auto, (max-width: 1024px) 100vw, 1024px\" \/><\/figure>\n","protected":false},"excerpt":{"rendered":"<p>El pasado 11 de julio, el Fraccionamiento Gran Cabo, en Tuxpan, Veracruz, celebr\u00f3 la gran inauguraci\u00f3n de su Parque Recreativo, un espacio dise\u00f1ado para que las familias disfruten de momentos de convivencia, recreaci\u00f3n y bienestar sin&#8230;<\/p>\n","protected":false},"author":1,"featured_media":807,"comment_status":"open","ping_status":"open","sticky":false,"template":"","format":"standard","meta":{"footnotes":""},"categories":[4],"tags":[],"class_list":["post-805","post","type-post","status-publish","format-standard","has-post-thumbnail","hentry","category-general"],"yoast_head":"<!-- This site is optimized with the Yoast SEO plugin v27.2 - https:\/\/yoast.com\/product\/yoast-seo-wordpress\/ -->\n<title>Gran Cabo inaugura su Parque Recreativo con un d\u00eda lleno de diversi\u00f3n, convivencia y comunidad - Mundo Carp\u00edn | Casas Carp\u00edn<\/title>\n<meta name=\"description\" content=\"Gran Cabo celebr\u00f3 la inauguraci\u00f3n de su nuevo Parque Recreativo con torneo de f\u00fatbol, albercada, actividades para ni\u00f1os, premios y un ambiente familiar que reuni\u00f3 a residentes y futuros propietarios en Tuxpan, Veracruz.\" \/>\n<meta name=\"robots\" content=\"index, follow, max-snippet:-1, max-image-preview:large, max-video-preview:-1\" \/>\n<link rel=\"canonical\" href=\"https:\/\/carpin.mx\/blog\/gran-inauguracion-parque-recreativo-gran-cabo\/\" \/>\n<meta property=\"og:locale\" content=\"es_MX\" \/>\n<meta property=\"og:type\" content=\"article\" \/>\n<meta property=\"og:title\" content=\"Gran Cabo inaugura su Parque Recreativo con un d\u00eda lleno de diversi\u00f3n, convivencia y comunidad - Mundo Carp\u00edn | Casas Carp\u00edn\" \/>\n<meta property=\"og:description\" content=\"Gran Cabo celebr\u00f3 la inauguraci\u00f3n de su nuevo Parque Recreativo con torneo de f\u00fatbol, albercada, actividades para ni\u00f1os, premios y un ambiente familiar que reuni\u00f3 a residentes y futuros propietarios en Tuxpan, Veracruz.\" \/>\n<meta property=\"og:url\" content=\"https:\/\/carpin.mx\/blog\/gran-inauguracion-parque-recreativo-gran-cabo\/\" \/>\n<meta property=\"og:site_name\" content=\"Mundo Carp\u00edn | Casas Carp\u00edn\" \/>\n<meta property=\"article:published_time\" content=\"2026-07-13T22:26:17+00:00\" \/>\n<meta property=\"article:modified_time\" content=\"2026-07-21T22:52:35+00:00\" \/>\n<meta property=\"og:image\" content=\"https:\/\/carpin.mx\/blog\/wp-content\/uploads\/2026\/07\/WhatsApp-Image-2026-07-14-at-16.31.10.jpeg\" \/>\n\t<meta property=\"og:image:width\" content=\"1280\" \/>\n\t<meta property=\"og:image:height\" content=\"853\" \/>\n\t<meta property=\"og:image:type\" content=\"image\/jpeg\" \/>\n<meta name=\"author\" content=\"AdminCarpin\" \/>\n<meta name=\"twitter:card\" content=\"summary_large_image\" \/>\n<meta name=\"twitter:label1\" content=\"Escrito por\" \/>\n\t<meta name=\"twitter:data1\" content=\"AdminCarpin\" \/>\n\t<meta name=\"twitter:label2\" content=\"Tiempo de lectura\" \/>\n\t<meta name=\"twitter:data2\" content=\"2 minutos\" \/>\n<script type=\"application\/ld+json\" class=\"yoast-schema-graph\">{\"@context\":\"https:\/\/schema.org\",\"@graph\":[{\"@type\":\"Article\",\"@id\":\"https:\/\/carpin.mx\/blog\/gran-inauguracion-parque-recreativo-gran-cabo\/#article\",\"isPartOf\":{\"@id\":\"https:\/\/carpin.mx\/blog\/gran-inauguracion-parque-recreativo-gran-cabo\/\"},\"author\":{\"name\":\"AdminCarpin\",\"@id\":\"https:\/\/carpin.mx\/blog\/#\/schema\/person\/f0287955201986dbdf3d65893e51f26f\"},\"headline\":\"Gran Cabo inaugura su Parque Recreativo con un d\u00eda lleno de diversi\u00f3n, convivencia y comunidad\",\"datePublished\":\"2026-07-13T22:26:17+00:00\",\"dateModified\":\"2026-07-21T22:52:35+00:00\",\"mainEntityOfPage\":{\"@id\":\"https:\/\/carpin.mx\/blog\/gran-inauguracion-parque-recreativo-gran-cabo\/\"},\"wordCount\":368,\"commentCount\":0,\"image\":{\"@id\":\"https:\/\/carpin.mx\/blog\/gran-inauguracion-parque-recreativo-gran-cabo\/#primaryimage\"},\"thumbnailUrl\":\"https:\/\/carpin.mx\/blog\/wp-content\/uploads\/2026\/07\/WhatsApp-Image-2026-07-14-at-16.31.10.jpeg\",\"articleSection\":[\"GENERAL\"],\"inLanguage\":\"es\",\"potentialAction\":[{\"@type\":\"CommentAction\",\"name\":\"Comment\",\"target\":[\"https:\/\/carpin.mx\/blog\/gran-inauguracion-parque-recreativo-gran-cabo\/#respond\"]}]},{\"@type\":\"WebPage\",\"@id\":\"https:\/\/carpin.mx\/blog\/gran-inauguracion-parque-recreativo-gran-cabo\/\",\"url\":\"https:\/\/carpin.mx\/blog\/gran-inauguracion-parque-recreativo-gran-cabo\/\",\"name\":\"Gran Cabo inaugura su Parque Recreativo con un d\u00eda lleno de diversi\u00f3n, convivencia y comunidad - Mundo Carp\u00edn | Casas Carp\u00edn\",\"isPartOf\":{\"@id\":\"https:\/\/carpin.mx\/blog\/#website\"},\"primaryImageOfPage\":{\"@id\":\"https:\/\/carpin.mx\/blog\/gran-inauguracion-parque-recreativo-gran-cabo\/#primaryimage\"},\"image\":{\"@id\":\"https:\/\/carpin.mx\/blog\/gran-inauguracion-parque-recreativo-gran-cabo\/#primaryimage\"},\"thumbnailUrl\":\"https:\/\/carpin.mx\/blog\/wp-content\/uploads\/2026\/07\/WhatsApp-Image-2026-07-14-at-16.31.10.jpeg\",\"datePublished\":\"2026-07-13T22:26:17+00:00\",\"dateModified\":\"2026-07-21T22:52:35+00:00\",\"author\":{\"@id\":\"https:\/\/carpin.mx\/blog\/#\/schema\/person\/f0287955201986dbdf3d65893e51f26f\"},\"description\":\"Gran Cabo celebr\u00f3 la inauguraci\u00f3n de su nuevo Parque Recreativo con torneo de f\u00fatbol, albercada, actividades para ni\u00f1os, premios y un ambiente familiar que reuni\u00f3 a residentes y futuros propietarios en Tuxpan, Veracruz.\",\"breadcrumb\":{\"@id\":\"https:\/\/carpin.mx\/blog\/gran-inauguracion-parque-recreativo-gran-cabo\/#breadcrumb\"},\"inLanguage\":\"es\",\"potentialAction\":[{\"@type\":\"ReadAction\",\"target\":[\"https:\/\/carpin.mx\/blog\/gran-inauguracion-parque-recreativo-gran-cabo\/\"]}]},{\"@type\":\"ImageObject\",\"inLanguage\":\"es\",\"@id\":\"https:\/\/carpin.mx\/blog\/gran-inauguracion-parque-recreativo-gran-cabo\/#primaryimage\",\"url\":\"https:\/\/carpin.mx\/blog\/wp-content\/uploads\/2026\/07\/WhatsApp-Image-2026-07-14-at-16.31.10.jpeg\",\"contentUrl\":\"https:\/\/carpin.mx\/blog\/wp-content\/uploads\/2026\/07\/WhatsApp-Image-2026-07-14-at-16.31.10.jpeg\",\"width\":1280,\"height\":853},{\"@type\":\"BreadcrumbList\",\"@id\":\"https:\/\/carpin.mx\/blog\/gran-inauguracion-parque-recreativo-gran-cabo\/#breadcrumb\",\"itemListElement\":[{\"@type\":\"ListItem\",\"position\":1,\"name\":\"Inicio\",\"item\":\"https:\/\/carpin.mx\/blog\/\"},{\"@type\":\"ListItem\",\"position\":2,\"name\":\"Gran Cabo inaugura su Parque Recreativo con un d\u00eda lleno de diversi\u00f3n, convivencia y comunidad\"}]},{\"@type\":\"WebSite\",\"@id\":\"https:\/\/carpin.mx\/blog\/#website\",\"url\":\"https:\/\/carpin.mx\/blog\/\",\"name\":\"Mundo Carp\u00edn | Casas Carp\u00edn\",\"description\":\"Empresa con m\u00e1s de 35 a\u00f1os de experiencia construyendo viviendas en el estado de Veracruz.\",\"potentialAction\":[{\"@type\":\"SearchAction\",\"target\":{\"@type\":\"EntryPoint\",\"urlTemplate\":\"https:\/\/carpin.mx\/blog\/?s={search_term_string}\"},\"query-input\":{\"@type\":\"PropertyValueSpecification\",\"valueRequired\":true,\"valueName\":\"search_term_string\"}}],\"inLanguage\":\"es\"},{\"@type\":\"Person\",\"@id\":\"https:\/\/carpin.mx\/blog\/#\/schema\/person\/f0287955201986dbdf3d65893e51f26f\",\"name\":\"AdminCarpin\",\"image\":{\"@type\":\"ImageObject\",\"inLanguage\":\"es\",\"@id\":\"https:\/\/secure.gravatar.com\/avatar\/4396d7927841efe47700f3cf3e8b2bd26a8f1aadf95ad226cf460f7800d90b76?s=96&d=mm&r=g\",\"url\":\"https:\/\/secure.gravatar.com\/avatar\/4396d7927841efe47700f3cf3e8b2bd26a8f1aadf95ad226cf460f7800d90b76?s=96&d=mm&r=g\",\"contentUrl\":\"https:\/\/secure.gravatar.com\/avatar\/4396d7927841efe47700f3cf3e8b2bd26a8f1aadf95ad226cf460f7800d90b76?s=96&d=mm&r=g\",\"caption\":\"AdminCarpin\"},\"sameAs\":[\"https:\/\/galloreynamarketing.com\/dev\/v2\/carpin\/blog\"],\"url\":\"https:\/\/carpin.mx\/blog\/author\/admincarpin\/\"}]}<\/script>\n<!-- \/ Yoast SEO plugin. -->","yoast_head_json":{"title":"Gran Cabo inaugura su Parque Recreativo con un d\u00eda lleno de diversi\u00f3n, convivencia y comunidad - Mundo Carp\u00edn | Casas Carp\u00edn","description":"Gran Cabo celebr\u00f3 la inauguraci\u00f3n de su nuevo Parque Recreativo con torneo de f\u00fatbol, albercada, actividades para ni\u00f1os, premios y un ambiente familiar que reuni\u00f3 a residentes y futuros propietarios en Tuxpan, Veracruz.","robots":{"index":"index","follow":"follow","max-snippet":"max-snippet:-1","max-image-preview":"max-image-preview:large","max-video-preview":"max-video-preview:-1"},"canonical":"https:\/\/carpin.mx\/blog\/gran-inauguracion-parque-recreativo-gran-cabo\/","og_locale":"es_MX","og_type":"article","og_title":"Gran Cabo inaugura su Parque Recreativo con un d\u00eda lleno de diversi\u00f3n, convivencia y comunidad - Mundo Carp\u00edn | Casas Carp\u00edn","og_description":"Gran Cabo celebr\u00f3 la inauguraci\u00f3n de su nuevo Parque Recreativo con torneo de f\u00fatbol, albercada, actividades para ni\u00f1os, premios y un ambiente familiar que reuni\u00f3 a residentes y futuros propietarios en Tuxpan, Veracruz.","og_url":"https:\/\/carpin.mx\/blog\/gran-inauguracion-parque-recreativo-gran-cabo\/","og_site_name":"Mundo Carp\u00edn | Casas Carp\u00edn","article_published_time":"2026-07-13T22:26:17+00:00","article_modified_time":"2026-07-21T22:52:35+00:00","og_image":[{"width":1280,"height":853,"url":"https:\/\/carpin.mx\/blog\/wp-content\/uploads\/2026\/07\/WhatsApp-Image-2026-07-14-at-16.31.10.jpeg","type":"image\/jpeg"}],"author":"AdminCarpin","twitter_card":"summary_large_image","twitter_misc":{"Escrito por":"AdminCarpin","Tiempo de lectura":"2 minutos"},"schema":{"@context":"https:\/\/schema.org","@graph":[{"@type":"Article","@id":"https:\/\/carpin.mx\/blog\/gran-inauguracion-parque-recreativo-gran-cabo\/#article","isPartOf":{"@id":"https:\/\/carpin.mx\/blog\/gran-inauguracion-parque-recreativo-gran-cabo\/"},"author":{"name":"AdminCarpin","@id":"https:\/\/carpin.mx\/blog\/#\/schema\/person\/f0287955201986dbdf3d65893e51f26f"},"headline":"Gran Cabo inaugura su Parque Recreativo con un d\u00eda lleno de diversi\u00f3n, convivencia y comunidad","datePublished":"2026-07-13T22:26:17+00:00","dateModified":"2026-07-21T22:52:35+00:00","mainEntityOfPage":{"@id":"https:\/\/carpin.mx\/blog\/gran-inauguracion-parque-recreativo-gran-cabo\/"},"wordCount":368,"commentCount":0,"image":{"@id":"https:\/\/carpin.mx\/blog\/gran-inauguracion-parque-recreativo-gran-cabo\/#primaryimage"},"thumbnailUrl":"https:\/\/carpin.mx\/blog\/wp-content\/uploads\/2026\/07\/WhatsApp-Image-2026-07-14-at-16.31.10.jpeg","articleSection":["GENERAL"],"inLanguage":"es","potentialAction":[{"@type":"CommentAction","name":"Comment","target":["https:\/\/carpin.mx\/blog\/gran-inauguracion-parque-recreativo-gran-cabo\/#respond"]}]},{"@type":"WebPage","@id":"https:\/\/carpin.mx\/blog\/gran-inauguracion-parque-recreativo-gran-cabo\/","url":"https:\/\/carpin.mx\/blog\/gran-inauguracion-parque-recreativo-gran-cabo\/","name":"Gran Cabo inaugura su Parque Recreativo con un d\u00eda lleno de diversi\u00f3n, convivencia y comunidad - Mundo Carp\u00edn | Casas Carp\u00edn","isPartOf":{"@id":"https:\/\/carpin.mx\/blog\/#website"},"primaryImageOfPage":{"@id":"https:\/\/carpin.mx\/blog\/gran-inauguracion-parque-recreativo-gran-cabo\/#primaryimage"},"image":{"@id":"https:\/\/carpin.mx\/blog\/gran-inauguracion-parque-recreativo-gran-cabo\/#primaryimage"},"thumbnailUrl":"https:\/\/carpin.mx\/blog\/wp-content\/uploads\/2026\/07\/WhatsApp-Image-2026-07-14-at-16.31.10.jpeg","datePublished":"2026-07-13T22:26:17+00:00","dateModified":"2026-07-21T22:52:35+00:00","author":{"@id":"https:\/\/carpin.mx\/blog\/#\/schema\/person\/f0287955201986dbdf3d65893e51f26f"},"description":"Gran Cabo celebr\u00f3 la inauguraci\u00f3n de su nuevo Parque Recreativo con torneo de f\u00fatbol, albercada, actividades para ni\u00f1os, premios y un ambiente familiar que reuni\u00f3 a residentes y futuros propietarios en Tuxpan, Veracruz.","breadcrumb":{"@id":"https:\/\/carpin.mx\/blog\/gran-inauguracion-parque-recreativo-gran-cabo\/#breadcrumb"},"inLanguage":"es","potentialAction":[{"@type":"ReadAction","target":["https:\/\/carpin.mx\/blog\/gran-inauguracion-parque-recreativo-gran-cabo\/"]}]},{"@type":"ImageObject","inLanguage":"es","@id":"https:\/\/carpin.mx\/blog\/gran-inauguracion-parque-recreativo-gran-cabo\/#primaryimage","url":"https:\/\/carpin.mx\/blog\/wp-content\/uploads\/2026\/07\/WhatsApp-Image-2026-07-14-at-16.31.10.jpeg","contentUrl":"https:\/\/carpin.mx\/blog\/wp-content\/uploads\/2026\/07\/WhatsApp-Image-2026-07-14-at-16.31.10.jpeg","width":1280,"height":853},{"@type":"BreadcrumbList","@id":"https:\/\/carpin.mx\/blog\/gran-inauguracion-parque-recreativo-gran-cabo\/#breadcrumb","itemListElement":[{"@type":"ListItem","position":1,"name":"Inicio","item":"https:\/\/carpin.mx\/blog\/"},{"@type":"ListItem","position":2,"name":"Gran Cabo inaugura su Parque Recreativo con un d\u00eda lleno de diversi\u00f3n, convivencia y comunidad"}]},{"@type":"WebSite","@id":"https:\/\/carpin.mx\/blog\/#website","url":"https:\/\/carpin.mx\/blog\/","name":"Mundo Carp\u00edn | Casas Carp\u00edn","description":"Empresa con m\u00e1s de 35 a\u00f1os de experiencia construyendo viviendas en el estado de Veracruz.","potentialAction":[{"@type":"SearchAction","target":{"@type":"EntryPoint","urlTemplate":"https:\/\/carpin.mx\/blog\/?s={search_term_string}"},"query-input":{"@type":"PropertyValueSpecification","valueRequired":true,"valueName":"search_term_string"}}],"inLanguage":"es"},{"@type":"Person","@id":"https:\/\/carpin.mx\/blog\/#\/schema\/person\/f0287955201986dbdf3d65893e51f26f","name":"AdminCarpin","image":{"@type":"ImageObject","inLanguage":"es","@id":"https:\/\/secure.gravatar.com\/avatar\/4396d7927841efe47700f3cf3e8b2bd26a8f1aadf95ad226cf460f7800d90b76?s=96&d=mm&r=g","url":"https:\/\/secure.gravatar.com\/avatar\/4396d7927841efe47700f3cf3e8b2bd26a8f1aadf95ad226cf460f7800d90b76?s=96&d=mm&r=g","contentUrl":"https:\/\/secure.gravatar.com\/avatar\/4396d7927841efe47700f3cf3e8b2bd26a8f1aadf95ad226cf460f7800d90b76?s=96&d=mm&r=g","caption":"AdminCarpin"},"sameAs":["https:\/\/galloreynamarketing.com\/dev\/v2\/carpin\/blog"],"url":"https:\/\/carpin.mx\/blog\/author\/admincarpin\/"}]}},"_links":{"self":[{"href":"https:\/\/carpin.mx\/blog\/wp-json\/wp\/v2\/posts\/805","targetHints":{"allow":["GET"]}}],"collection":[{"href":"https:\/\/carpin.mx\/blog\/wp-json\/wp\/v2\/posts"}],"about":[{"href":"https:\/\/carpin.mx\/blog\/wp-json\/wp\/v2\/types\/post"}],"author":[{"embeddable":true,"href":"https:\/\/carpin.mx\/blog\/wp-json\/wp\/v2\/users\/1"}],"replies":[{"embeddable":true,"href":"https:\/\/carpin.mx\/blog\/wp-json\/wp\/v2\/comments?post=805"}],"version-history":[{"count":1,"href":"https:\/\/carpin.mx\/blog\/wp-json\/wp\/v2\/posts\/805\/revisions"}],"predecessor-version":[{"id":808,"href":"https:\/\/carpin.mx\/blog\/wp-json\/wp\/v2\/posts\/805\/revisions\/808"}],"wp:featuredmedia":[{"embeddable":true,"href":"https:\/\/carpin.mx\/blog\/wp-json\/wp\/v2\/media\/807"}],"wp:attachment":[{"href":"https:\/\/carpin.mx\/blog\/wp-json\/wp\/v2\/media?parent=805"}],"wp:term":[{"taxonomy":"category","embeddable":true,"href":"https:\/\/carpin.mx\/blog\/wp-json\/wp\/v2\/categories?post=805"},{"taxonomy":"post_tag","embeddable":true,"href":"https:\/\/carpin.mx\/blog\/wp-json\/wp\/v2\/tags?post=805"}],"curies":[{"name":"wp","href":"https:\/\/api.w.org\/{rel}","templated":true}]}}